{"id":532,"date":"2022-05-02T16:24:00","date_gmt":"2022-05-02T19:24:00","guid":{"rendered":"https:\/\/www.gtlawyers.com.br\/site\/?p=532"},"modified":"2022-06-03T12:18:27","modified_gmt":"2022-06-03T15:18:27","slug":"aquisicao-e-arrendamento-de-propriedades-por-estrangeiros","status":"publish","type":"post","link":"https:\/\/www.gtlawyers.com.br\/fr\/noticia\/aquisicao-e-arrendamento-de-propriedades-por-estrangeiros\/","title":{"rendered":"Acquisition et location de propri\u00e9t\u00e9s par des \u00e9trangers"},"content":{"rendered":"<p id=\"viewer-q3hm1\">Le projet de Loi n\u00ba 2.963\/19 (PL) est actuellement en cours d\u2019examen devant le Congr\u00e8s National, qui vise \u00e0 r\u00e9glementer l\u2019acquisition, la possession et l\u2019enregistrement de propri\u00e9t\u00e9s rurales par des \u00e9trangers. Le texte pr\u00e9voit \u00e9galement des restrictions \u00e0 l\u2019acquisition de propri\u00e9t\u00e9s par des \u00e9trangers mais en g\u00e9n\u00e9ral, il vise \u00e0 faciliter les investissements \u00e9trangers et r\u00e9glementer les modalit\u00e9s de propri\u00e9t\u00e9 fonci\u00e8re par les \u00e9trangers.<\/p>\n\n\n\n<p id=\"viewer-y555e\">La Loi n\u00ba 5.709\/1971 r\u00e9glemente l\u2019acquisition de terres rurales par des \u00e9trangers. Il convient de noter que le concept de \u00ab personne morale \u00e9trang\u00e8re \u00bb a fait l\u2019objet de diff\u00e9rentes interpr\u00e9tations et, depuis mi-2010, les restrictions l\u00e9gales \u00e0 l\u2019acquisition de propri\u00e9t\u00e9s fonci\u00e8res par des \u00e9trangers ont \u00e9t\u00e9 \u00e9tendues aux soci\u00e9t\u00e9s br\u00e9siliennes \u00e0 capitaux \u00e9trangers. Cette p\u00e9r\u00e9quation a engendr\u00e9 une augmentation de la barri\u00e8re aux capitaux \u00e9trangers, ce qui a eu un impact sur les investissements dans les secteurs de l\u2019agro-industrie br\u00e9silienne, de l\u2019\u00e9nergie (hydro\u00e9lectrique et \u00e9olien) et des finances.<\/p>\n\n\n\n<p id=\"viewer-88kdv\">Contrairement \u00e0 cette interpr\u00e9tation, le Projet de Loi n\u00ba 2.963\/19, entre autres dispositions, propose de ne pas assimiler une soci\u00e9t\u00e9 br\u00e9silienne \u00e0 capitaux \u00e9trangers \u00e0 une soci\u00e9t\u00e9 \u00e9trang\u00e8re, car selon ses termes, les personnes morales \u00e9trang\u00e8res seront celles constitu\u00e9es et \u00e9tablies en dehors du territoire national.<\/p>\n\n\n\n<p id=\"viewer-9ff67\">Parmi les inclusions du projet en cours qui m\u00e9ritent d\u2019\u00eatre soulign\u00e9es, il y a la possibilit\u00e9 de r\u00e9gulariser l\u2019acquisition de propri\u00e9t\u00e9s rurales par des \u00e9trangers, m\u00eame si l\u2019acquisition a \u00e9t\u00e9 r\u00e9alis\u00e9e en d\u00e9saccord avec la l\u00e9gislation alors en vigueur, \u00e0 condition de respecter les limites impos\u00e9es par la nouvelle loi.<\/p>\n\n\n\n<figure class=\"wp-block-image\"><img decoding=\"async\" src=\"https:\/\/static.wixstatic.com\/media\/e09fc4832f914c068d135b9f63cc0679.jpg\/v1\/fill\/w_360,h_240,al_c,q_90\/e09fc4832f914c068d135b9f63cc0679.webp\" alt=\"\"\/><\/figure>\n\n\n\n<p id=\"viewer-2i39u\">Devant les Commissions des Affaires Economiques et de l'Agriculture et de la R\u00e9forme Agraire, le consentement pr\u00e9alable a \u00e9t\u00e9 retir\u00e9 par le Conseil de D\u00e9fense Nationale (CDN) lors de l\u2019acquisition de propri\u00e9t\u00e9s rurales par un \u00e9tranger r\u00e9sultant d\u2019une succession l\u00e9gitime, ou m\u00eame lors de l\u2019acquisition de droits r\u00e9els, ou l\u2019exercice de la possession de toute nature destin\u00e9 \u00e0 l'ex\u00e9cution ou \u00e0 l\u2019exploration d\u2019une concession, d\u2019un permis ou d\u2019une autorisation de service public, y compris des activit\u00e9s de production, de transport et de distribution d'\u00e9nergie \u00e9lectrique, ou de la concession ou de l'autorisation d'utiliser le bien public de l'Union.<\/p>\n\n\n\n<p id=\"viewer-m84i4\">Certaines restrictions subsistent en ce qui concerne les acquisitions de propri\u00e9t\u00e9s fonci\u00e8res dans le biome amazonien, ou m\u00eame dans les zones frontali\u00e8res, car, en raison de l'int\u00e9r\u00eat national, il sera n\u00e9cessaire, aux termes de ce projet, d\u2019obtenir l\u2019aval du Conseil de D\u00e9fense Nationale (CDN).<\/p>\n\n\n\n<p id=\"viewer-z1fzu\">Le projet susmentionn\u00e9 \u00e9tablit que la totalit\u00e9 des zones rurales d\u00e9tenues et lou\u00e9es par des \u00e9trangers ne peut d\u00e9passer un quart de la superficie totale des communes o\u00f9 elles sont situ\u00e9es, mais pr\u00e9voit n\u00e9anmoins que l\u2019acquisition de propri\u00e9t\u00e9s fonci\u00e8res au-del\u00e0 de cette limite sera possible, dans les cas o\u00f9 les propri\u00e9t\u00e9s font partie de projets prioritaires pour le d\u00e9veloppement du pays.<\/p>\n\n\n\n<p id=\"viewer-jym0s\">GTLawyers assure un suivi de la situation et tiendra ses clients inform\u00e9s des modifications de la l\u00e9gislation au cas o\u00f9 le projet de loi viendrait \u00e0 \u00eatre modifi\u00e9 ou adopt\u00e9.<\/p>\n\n\n\n<p id=\"viewer-86lkt\">Nous restons \u00e0 la disposition de nos clients br\u00e9siliens et \u00e9trangers afin de les accompagner dans l\u00b4acquisition, la location et la constitution de garanties r\u00e9elles li\u00e9es \u00e0 des biens immobiliers situ\u00e9s au Br\u00e9sil.<\/p>","protected":false},"excerpt":{"rendered":"<p>Atualmente est\u00e1 em curso perante o Congresso Nacional o Projeto de Lei no 2.963\/19 (PL), que busca regulamentar a aquisi\u00e7\u00e3o, posse e o cadastro de propriedade rural por estrangeiros. O texto ainda prev\u00ea restri\u00e7\u00f5es \u00e0 aquisi\u00e7\u00e3o de propriedades por estrangeiros, entretanto, em linhas gerais, objetiva facilitar os investimentos estrangeiros e regulamentar as modalidades de posse [&hellip;]<\/p>\n","protected":false},"author":1,"featured_media":533,"comment_status":"open","ping_status":"open","sticky":false,"template":"","format":"standard","meta":{"_acf_changed":false,"footnotes":""},"categories":[7],"tags":[],"class_list":["post-532","post","type-post","status-publish","format-standard","has-post-thumbnail","hentry","category-noticia"],"acf":[],"yoast_head":"<!-- This site is optimized with the Yoast SEO plugin v27.5 - https:\/\/yoast.com\/product\/yoast-seo-wordpress\/ -->\n<title>Aquisi\u00e7\u00e3o e arrendamento de propriedades por estrangeiros | GTLawyers | Escrit\u00f3rio boutique full-service<\/title>\n<meta name=\"robots\" content=\"index, follow, max-snippet:-1, max-image-preview:large, max-video-preview:-1\" \/>\n<link rel=\"canonical\" href=\"https:\/\/www.gtlawyers.com.br\/fr\/noticia\/aquisicao-e-arrendamento-de-propriedades-por-estrangeiros\/\" \/>\n<meta property=\"og:locale\" content=\"fr_FR\" \/>\n<meta property=\"og:type\" content=\"article\" \/>\n<meta property=\"og:title\" content=\"Aquisi\u00e7\u00e3o e arrendamento de propriedades por estrangeiros | GTLawyers | Escrit\u00f3rio boutique full-service\" \/>\n<meta property=\"og:description\" content=\"Atualmente est\u00e1 em curso perante o Congresso Nacional o Projeto de Lei no 2.963\/19 (PL), que busca regulamentar a aquisi\u00e7\u00e3o, posse e o cadastro de propriedade rural por estrangeiros. O texto ainda prev\u00ea restri\u00e7\u00f5es \u00e0 aquisi\u00e7\u00e3o de propriedades por estrangeiros, entretanto, em linhas gerais, objetiva facilitar os investimentos estrangeiros e regulamentar as modalidades de posse [&hellip;]\" \/>\n<meta property=\"og:url\" content=\"https:\/\/www.gtlawyers.com.br\/fr\/noticia\/aquisicao-e-arrendamento-de-propriedades-por-estrangeiros\/\" \/>\n<meta property=\"og:site_name\" content=\"GTLawyers | Escrit\u00f3rio boutique full-service\" \/>\n<meta property=\"article:published_time\" content=\"2022-05-02T19:24:00+00:00\" \/>\n<meta property=\"article:modified_time\" content=\"2022-06-03T15:18:27+00:00\" \/>\n<meta property=\"og:image\" content=\"https:\/\/www.gtlawyers.com.br\/site\/wp-content\/uploads\/e09fc4832f914c068d135b9f63cc0679.webp\" \/>\n\t<meta property=\"og:image:width\" content=\"360\" \/>\n\t<meta property=\"og:image:height\" content=\"240\" \/>\n\t<meta property=\"og:image:type\" content=\"image\/webp\" \/>\n<meta name=\"author\" content=\"planetaw\" \/>\n<meta name=\"twitter:card\" content=\"summary_large_image\" \/>\n<meta name=\"twitter:label1\" content=\"\u00c9crit par\" \/>\n\t<meta name=\"twitter:data1\" content=\"planetaw\" \/>\n\t<meta name=\"twitter:label2\" content=\"Dur\u00e9e de lecture estim\u00e9e\" \/>\n\t<meta name=\"twitter:data2\" content=\"3 minutes\" \/>\n<script type=\"application\/ld+json\" class=\"yoast-schema-graph\">{\"@context\":\"https:\\\/\\\/schema.org\",\"@graph\":[{\"@type\":\"Article\",\"@id\":\"https:\\\/\\\/www.gtlawyers.com.br\\\/noticia\\\/aquisicao-e-arrendamento-de-propriedades-por-estrangeiros\\\/#article\",\"isPartOf\":{\"@id\":\"https:\\\/\\\/www.gtlawyers.com.br\\\/noticia\\\/aquisicao-e-arrendamento-de-propriedades-por-estrangeiros\\\/\"},\"author\":{\"name\":\"planetaw\",\"@id\":\"https:\\\/\\\/www.gtlawyers.com.br\\\/#\\\/schema\\\/person\\\/445dbbc8624baa6cd74ffdc962062fea\"},\"headline\":\"Aquisi\u00e7\u00e3o e arrendamento de propriedades por estrangeiros\",\"datePublished\":\"2022-05-02T19:24:00+00:00\",\"dateModified\":\"2022-06-03T15:18:27+00:00\",\"mainEntityOfPage\":{\"@id\":\"https:\\\/\\\/www.gtlawyers.com.br\\\/noticia\\\/aquisicao-e-arrendamento-de-propriedades-por-estrangeiros\\\/\"},\"wordCount\":539,\"commentCount\":0,\"publisher\":{\"@id\":\"https:\\\/\\\/www.gtlawyers.com.br\\\/#organization\"},\"image\":{\"@id\":\"https:\\\/\\\/www.gtlawyers.com.br\\\/noticia\\\/aquisicao-e-arrendamento-de-propriedades-por-estrangeiros\\\/#primaryimage\"},\"thumbnailUrl\":\"https:\\\/\\\/www.gtlawyers.com.br\\\/site\\\/wp-content\\\/uploads\\\/e09fc4832f914c068d135b9f63cc0679.webp\",\"articleSection\":[\"News\"],\"inLanguage\":\"fr-FR\",\"potentialAction\":[{\"@type\":\"CommentAction\",\"name\":\"Comment\",\"target\":[\"https:\\\/\\\/www.gtlawyers.com.br\\\/noticia\\\/aquisicao-e-arrendamento-de-propriedades-por-estrangeiros\\\/#respond\"]}]},{\"@type\":\"WebPage\",\"@id\":\"https:\\\/\\\/www.gtlawyers.com.br\\\/noticia\\\/aquisicao-e-arrendamento-de-propriedades-por-estrangeiros\\\/\",\"url\":\"https:\\\/\\\/www.gtlawyers.com.br\\\/noticia\\\/aquisicao-e-arrendamento-de-propriedades-por-estrangeiros\\\/\",\"name\":\"Aquisi\u00e7\u00e3o e arrendamento de propriedades por estrangeiros | GTLawyers | Escrit\u00f3rio boutique full-service\",\"isPartOf\":{\"@id\":\"https:\\\/\\\/www.gtlawyers.com.br\\\/#website\"},\"primaryImageOfPage\":{\"@id\":\"https:\\\/\\\/www.gtlawyers.com.br\\\/noticia\\\/aquisicao-e-arrendamento-de-propriedades-por-estrangeiros\\\/#primaryimage\"},\"image\":{\"@id\":\"https:\\\/\\\/www.gtlawyers.com.br\\\/noticia\\\/aquisicao-e-arrendamento-de-propriedades-por-estrangeiros\\\/#primaryimage\"},\"thumbnailUrl\":\"https:\\\/\\\/www.gtlawyers.com.br\\\/site\\\/wp-content\\\/uploads\\\/e09fc4832f914c068d135b9f63cc0679.webp\",\"datePublished\":\"2022-05-02T19:24:00+00:00\",\"dateModified\":\"2022-06-03T15:18:27+00:00\",\"breadcrumb\":{\"@id\":\"https:\\\/\\\/www.gtlawyers.com.br\\\/noticia\\\/aquisicao-e-arrendamento-de-propriedades-por-estrangeiros\\\/#breadcrumb\"},\"inLanguage\":\"fr-FR\",\"potentialAction\":[{\"@type\":\"ReadAction\",\"target\":[\"https:\\\/\\\/www.gtlawyers.com.br\\\/noticia\\\/aquisicao-e-arrendamento-de-propriedades-por-estrangeiros\\\/\"]}]},{\"@type\":\"ImageObject\",\"inLanguage\":\"fr-FR\",\"@id\":\"https:\\\/\\\/www.gtlawyers.com.br\\\/noticia\\\/aquisicao-e-arrendamento-de-propriedades-por-estrangeiros\\\/#primaryimage\",\"url\":\"https:\\\/\\\/www.gtlawyers.com.br\\\/site\\\/wp-content\\\/uploads\\\/e09fc4832f914c068d135b9f63cc0679.webp\",\"contentUrl\":\"https:\\\/\\\/www.gtlawyers.com.br\\\/site\\\/wp-content\\\/uploads\\\/e09fc4832f914c068d135b9f63cc0679.webp\",\"width\":360,\"height\":240},{\"@type\":\"BreadcrumbList\",\"@id\":\"https:\\\/\\\/www.gtlawyers.com.br\\\/noticia\\\/aquisicao-e-arrendamento-de-propriedades-por-estrangeiros\\\/#breadcrumb\",\"itemListElement\":[{\"@type\":\"ListItem\",\"position\":1,\"name\":\"In\u00edcio\",\"item\":\"https:\\\/\\\/www.gtlawyers.com.br\\\/\"},{\"@type\":\"ListItem\",\"position\":2,\"name\":\"Aquisi\u00e7\u00e3o e arrendamento de propriedades por estrangeiros\"}]},{\"@type\":\"WebSite\",\"@id\":\"https:\\\/\\\/www.gtlawyers.com.br\\\/#website\",\"url\":\"https:\\\/\\\/www.gtlawyers.com.br\\\/\",\"name\":\"GTLawyers | Escrit\u00f3rio boutique full-service\",\"description\":\"Escrit\u00f3rio de advocacia franco-brasileiro para empresas especializado em M&amp;A, direito societ\u00e1rio, tribut\u00e1rio, imobili\u00e1rio, contencioso e compliance\",\"publisher\":{\"@id\":\"https:\\\/\\\/www.gtlawyers.com.br\\\/#organization\"},\"alternateName\":\"GTLawyers\",\"potentialAction\":[{\"@type\":\"SearchAction\",\"target\":{\"@type\":\"EntryPoint\",\"urlTemplate\":\"https:\\\/\\\/www.gtlawyers.com.br\\\/?s={search_term_string}\"},\"query-input\":{\"@type\":\"PropertyValueSpecification\",\"valueRequired\":true,\"valueName\":\"search_term_string\"}}],\"inLanguage\":\"fr-FR\"},{\"@type\":\"Organization\",\"@id\":\"https:\\\/\\\/www.gtlawyers.com.br\\\/#organization\",\"name\":\"GTLawyers - Escrit\u00f3rio boutique full-service\",\"url\":\"https:\\\/\\\/www.gtlawyers.com.br\\\/\",\"logo\":{\"@type\":\"ImageObject\",\"inLanguage\":\"fr-FR\",\"@id\":\"https:\\\/\\\/www.gtlawyers.com.br\\\/#\\\/schema\\\/logo\\\/image\\\/\",\"url\":\"https:\\\/\\\/www.gtlawyers.com.br\\\/site\\\/wp-content\\\/uploads\\\/image-3.png\",\"contentUrl\":\"https:\\\/\\\/www.gtlawyers.com.br\\\/site\\\/wp-content\\\/uploads\\\/image-3.png\",\"width\":166,\"height\":44,\"caption\":\"GTLawyers - Escrit\u00f3rio boutique full-service\"},\"image\":{\"@id\":\"https:\\\/\\\/www.gtlawyers.com.br\\\/#\\\/schema\\\/logo\\\/image\\\/\"},\"sameAs\":[\"https:\\\/\\\/www.linkedin.com\\\/company\\\/gtlawyers\\\/mycompany\\\/\"]},{\"@type\":\"Person\",\"@id\":\"https:\\\/\\\/www.gtlawyers.com.br\\\/#\\\/schema\\\/person\\\/445dbbc8624baa6cd74ffdc962062fea\",\"name\":\"planetaw\",\"image\":{\"@type\":\"ImageObject\",\"inLanguage\":\"fr-FR\",\"@id\":\"https:\\\/\\\/secure.gravatar.com\\\/avatar\\\/a09e3105af0f28d7ee4ec00ff1c6f17e0e33f7aaf6253c730b912f62af0b331c?s=96&d=mm&r=g\",\"url\":\"https:\\\/\\\/secure.gravatar.com\\\/avatar\\\/a09e3105af0f28d7ee4ec00ff1c6f17e0e33f7aaf6253c730b912f62af0b331c?s=96&d=mm&r=g\",\"contentUrl\":\"https:\\\/\\\/secure.gravatar.com\\\/avatar\\\/a09e3105af0f28d7ee4ec00ff1c6f17e0e33f7aaf6253c730b912f62af0b331c?s=96&d=mm&r=g\",\"caption\":\"planetaw\"},\"sameAs\":[\"http:\\\/\\\/gtlawyers1.hospedagemdesites.ws\\\/site\"],\"url\":\"https:\\\/\\\/www.gtlawyers.com.br\\\/fr\\\/author\\\/planetaw\\\/\"}]}<\/script>\n<!-- \/ Yoast SEO plugin. -->","yoast_head_json":{"title":"Aquisi\u00e7\u00e3o e arrendamento de propriedades por estrangeiros | GTLawyers | Escrit\u00f3rio boutique full-service","robots":{"index":"index","follow":"follow","max-snippet":"max-snippet:-1","max-image-preview":"max-image-preview:large","max-video-preview":"max-video-preview:-1"},"canonical":"https:\/\/www.gtlawyers.com.br\/fr\/noticia\/aquisicao-e-arrendamento-de-propriedades-por-estrangeiros\/","og_locale":"fr_FR","og_type":"article","og_title":"Aquisi\u00e7\u00e3o e arrendamento de propriedades por estrangeiros | GTLawyers | Escrit\u00f3rio boutique full-service","og_description":"Atualmente est\u00e1 em curso perante o Congresso Nacional o Projeto de Lei no 2.963\/19 (PL), que busca regulamentar a aquisi\u00e7\u00e3o, posse e o cadastro de propriedade rural por estrangeiros. O texto ainda prev\u00ea restri\u00e7\u00f5es \u00e0 aquisi\u00e7\u00e3o de propriedades por estrangeiros, entretanto, em linhas gerais, objetiva facilitar os investimentos estrangeiros e regulamentar as modalidades de posse [&hellip;]","og_url":"https:\/\/www.gtlawyers.com.br\/fr\/noticia\/aquisicao-e-arrendamento-de-propriedades-por-estrangeiros\/","og_site_name":"GTLawyers | Escrit\u00f3rio boutique full-service","article_published_time":"2022-05-02T19:24:00+00:00","article_modified_time":"2022-06-03T15:18:27+00:00","og_image":[{"width":360,"height":240,"url":"https:\/\/www.gtlawyers.com.br\/site\/wp-content\/uploads\/e09fc4832f914c068d135b9f63cc0679.webp","type":"image\/webp"}],"author":"planetaw","twitter_card":"summary_large_image","twitter_misc":{"\u00c9crit par":"planetaw","Dur\u00e9e de lecture estim\u00e9e":"3 minutes"},"schema":{"@context":"https:\/\/schema.org","@graph":[{"@type":"Article","@id":"https:\/\/www.gtlawyers.com.br\/noticia\/aquisicao-e-arrendamento-de-propriedades-por-estrangeiros\/#article","isPartOf":{"@id":"https:\/\/www.gtlawyers.com.br\/noticia\/aquisicao-e-arrendamento-de-propriedades-por-estrangeiros\/"},"author":{"name":"planetaw","@id":"https:\/\/www.gtlawyers.com.br\/#\/schema\/person\/445dbbc8624baa6cd74ffdc962062fea"},"headline":"Aquisi\u00e7\u00e3o e arrendamento de propriedades por estrangeiros","datePublished":"2022-05-02T19:24:00+00:00","dateModified":"2022-06-03T15:18:27+00:00","mainEntityOfPage":{"@id":"https:\/\/www.gtlawyers.com.br\/noticia\/aquisicao-e-arrendamento-de-propriedades-por-estrangeiros\/"},"wordCount":539,"commentCount":0,"publisher":{"@id":"https:\/\/www.gtlawyers.com.br\/#organization"},"image":{"@id":"https:\/\/www.gtlawyers.com.br\/noticia\/aquisicao-e-arrendamento-de-propriedades-por-estrangeiros\/#primaryimage"},"thumbnailUrl":"https:\/\/www.gtlawyers.com.br\/site\/wp-content\/uploads\/e09fc4832f914c068d135b9f63cc0679.webp","articleSection":["News"],"inLanguage":"fr-FR","potentialAction":[{"@type":"CommentAction","name":"Comment","target":["https:\/\/www.gtlawyers.com.br\/noticia\/aquisicao-e-arrendamento-de-propriedades-por-estrangeiros\/#respond"]}]},{"@type":"WebPage","@id":"https:\/\/www.gtlawyers.com.br\/noticia\/aquisicao-e-arrendamento-de-propriedades-por-estrangeiros\/","url":"https:\/\/www.gtlawyers.com.br\/noticia\/aquisicao-e-arrendamento-de-propriedades-por-estrangeiros\/","name":"Aquisi\u00e7\u00e3o e arrendamento de propriedades por estrangeiros | GTLawyers | Escrit\u00f3rio boutique full-service","isPartOf":{"@id":"https:\/\/www.gtlawyers.com.br\/#website"},"primaryImageOfPage":{"@id":"https:\/\/www.gtlawyers.com.br\/noticia\/aquisicao-e-arrendamento-de-propriedades-por-estrangeiros\/#primaryimage"},"image":{"@id":"https:\/\/www.gtlawyers.com.br\/noticia\/aquisicao-e-arrendamento-de-propriedades-por-estrangeiros\/#primaryimage"},"thumbnailUrl":"https:\/\/www.gtlawyers.com.br\/site\/wp-content\/uploads\/e09fc4832f914c068d135b9f63cc0679.webp","datePublished":"2022-05-02T19:24:00+00:00","dateModified":"2022-06-03T15:18:27+00:00","breadcrumb":{"@id":"https:\/\/www.gtlawyers.com.br\/noticia\/aquisicao-e-arrendamento-de-propriedades-por-estrangeiros\/#breadcrumb"},"inLanguage":"fr-FR","potentialAction":[{"@type":"ReadAction","target":["https:\/\/www.gtlawyers.com.br\/noticia\/aquisicao-e-arrendamento-de-propriedades-por-estrangeiros\/"]}]},{"@type":"ImageObject","inLanguage":"fr-FR","@id":"https:\/\/www.gtlawyers.com.br\/noticia\/aquisicao-e-arrendamento-de-propriedades-por-estrangeiros\/#primaryimage","url":"https:\/\/www.gtlawyers.com.br\/site\/wp-content\/uploads\/e09fc4832f914c068d135b9f63cc0679.webp","contentUrl":"https:\/\/www.gtlawyers.com.br\/site\/wp-content\/uploads\/e09fc4832f914c068d135b9f63cc0679.webp","width":360,"height":240},{"@type":"BreadcrumbList","@id":"https:\/\/www.gtlawyers.com.br\/noticia\/aquisicao-e-arrendamento-de-propriedades-por-estrangeiros\/#breadcrumb","itemListElement":[{"@type":"ListItem","position":1,"name":"In\u00edcio","item":"https:\/\/www.gtlawyers.com.br\/"},{"@type":"ListItem","position":2,"name":"Aquisi\u00e7\u00e3o e arrendamento de propriedades por estrangeiros"}]},{"@type":"WebSite","@id":"https:\/\/www.gtlawyers.com.br\/#website","url":"https:\/\/www.gtlawyers.com.br\/","name":"GTLawyers | Escrit\u00f3rio boutique full-service","description":"Escrit\u00f3rio de advocacia franco-brasileiro para empresas especializado em M&amp;A, direito societ\u00e1rio, tribut\u00e1rio, imobili\u00e1rio, contencioso e compliance","publisher":{"@id":"https:\/\/www.gtlawyers.com.br\/#organization"},"alternateName":"GTLawyers","potentialAction":[{"@type":"SearchAction","target":{"@type":"EntryPoint","urlTemplate":"https:\/\/www.gtlawyers.com.br\/?s={search_term_string}"},"query-input":{"@type":"PropertyValueSpecification","valueRequired":true,"valueName":"search_term_string"}}],"inLanguage":"fr-FR"},{"@type":"Organization","@id":"https:\/\/www.gtlawyers.com.br\/#organization","name":"GTLawyers - Escrit\u00f3rio boutique full-service","url":"https:\/\/www.gtlawyers.com.br\/","logo":{"@type":"ImageObject","inLanguage":"fr-FR","@id":"https:\/\/www.gtlawyers.com.br\/#\/schema\/logo\/image\/","url":"https:\/\/www.gtlawyers.com.br\/site\/wp-content\/uploads\/image-3.png","contentUrl":"https:\/\/www.gtlawyers.com.br\/site\/wp-content\/uploads\/image-3.png","width":166,"height":44,"caption":"GTLawyers - Escrit\u00f3rio boutique full-service"},"image":{"@id":"https:\/\/www.gtlawyers.com.br\/#\/schema\/logo\/image\/"},"sameAs":["https:\/\/www.linkedin.com\/company\/gtlawyers\/mycompany\/"]},{"@type":"Person","@id":"https:\/\/www.gtlawyers.com.br\/#\/schema\/person\/445dbbc8624baa6cd74ffdc962062fea","name":"planetaw","image":{"@type":"ImageObject","inLanguage":"fr-FR","@id":"https:\/\/secure.gravatar.com\/avatar\/a09e3105af0f28d7ee4ec00ff1c6f17e0e33f7aaf6253c730b912f62af0b331c?s=96&d=mm&r=g","url":"https:\/\/secure.gravatar.com\/avatar\/a09e3105af0f28d7ee4ec00ff1c6f17e0e33f7aaf6253c730b912f62af0b331c?s=96&d=mm&r=g","contentUrl":"https:\/\/secure.gravatar.com\/avatar\/a09e3105af0f28d7ee4ec00ff1c6f17e0e33f7aaf6253c730b912f62af0b331c?s=96&d=mm&r=g","caption":"planetaw"},"sameAs":["http:\/\/gtlawyers1.hospedagemdesites.ws\/site"],"url":"https:\/\/www.gtlawyers.com.br\/fr\/author\/planetaw\/"}]}},"_links":{"self":[{"href":"https:\/\/www.gtlawyers.com.br\/fr\/wp-json\/wp\/v2\/posts\/532","targetHints":{"allow":["GET"]}}],"collection":[{"href":"https:\/\/www.gtlawyers.com.br\/fr\/wp-json\/wp\/v2\/posts"}],"about":[{"href":"https:\/\/www.gtlawyers.com.br\/fr\/wp-json\/wp\/v2\/types\/post"}],"author":[{"embeddable":true,"href":"https:\/\/www.gtlawyers.com.br\/fr\/wp-json\/wp\/v2\/users\/1"}],"replies":[{"embeddable":true,"href":"https:\/\/www.gtlawyers.com.br\/fr\/wp-json\/wp\/v2\/comments?post=532"}],"version-history":[{"count":3,"href":"https:\/\/www.gtlawyers.com.br\/fr\/wp-json\/wp\/v2\/posts\/532\/revisions"}],"predecessor-version":[{"id":645,"href":"https:\/\/www.gtlawyers.com.br\/fr\/wp-json\/wp\/v2\/posts\/532\/revisions\/645"}],"wp:featuredmedia":[{"embeddable":true,"href":"https:\/\/www.gtlawyers.com.br\/fr\/wp-json\/wp\/v2\/media\/533"}],"wp:attachment":[{"href":"https:\/\/www.gtlawyers.com.br\/fr\/wp-json\/wp\/v2\/media?parent=532"}],"wp:term":[{"taxonomy":"category","embeddable":true,"href":"https:\/\/www.gtlawyers.com.br\/fr\/wp-json\/wp\/v2\/categories?post=532"},{"taxonomy":"post_tag","embeddable":true,"href":"https:\/\/www.gtlawyers.com.br\/fr\/wp-json\/wp\/v2\/tags?post=532"}],"curies":[{"name":"wp","href":"https:\/\/api.w.org\/{rel}","templated":true}]}}