{"id":891,"date":"2022-11-01T22:08:15","date_gmt":"2022-11-02T01:08:15","guid":{"rendered":"https:\/\/www.gtlawyers.com.br\/?p=891"},"modified":"2022-11-03T14:17:56","modified_gmt":"2022-11-03T17:17:56","slug":"faire-des-affaires-au-bresul-une-vision-pratique-des-questions-juridiques","status":"publish","type":"post","link":"https:\/\/www.gtlawyers.com.br\/fr\/noticia\/faire-des-affaires-au-bresul-une-vision-pratique-des-questions-juridiques\/","title":{"rendered":"Faire des affaires au Br\u00e9sul: une vision pratique des questions juridiques"},"content":{"rendered":"<p class=\"has-text-align-left\">GT LAWYERS vous invite \u00e0 une conf\u00e9rence le 9 novembre 2022 \u00e0 16:30<\/p>\n\n\n\n<p><\/p>\n\n\n\n<p class=\"has-text-align-left\">Lieu: CCBC Brasil Hub<\/p>\n\n\n\n<p class=\"has-text-align-left\">1010 Sainte-Catherine Ouest, Suite 200 &#8211; Montreal<\/p>\n\n\n\n<div class=\"wp-block-buttons is-content-justification-left is-layout-flex wp-container-core-buttons-is-layout-fdcfc74e wp-block-buttons-is-layout-flex\">\n<div class=\"wp-block-button has-custom-font-size is-style-outline has-small-font-size is-style-outline--1\"><a class=\"wp-block-button__link wp-element-button\" href=\"https:\/\/www.google.com.br\/maps\/place\/The+Dominion+Square+Building,+1010+Sainte-Catherine+O+Ste+200,+Montr%C3%A9al,+QC+H3B+5L1,+Canad%C3%A1\/@45.5002913,-73.5745187,17z\/data=!3m1!4b1!4m5!3m4!1s0x4cc91a43c1a41743:0x2b0dd0410451ca94!8m2!3d45.5002876!4d-73.57233?shorturl=1\" target=\"_blank\" rel=\"noreferrer noopener\">Voir sur la carte<\/a><\/div>\n<\/div>\n\n\n\n<div style=\"height:22px\" aria-hidden=\"true\" class=\"wp-block-spacer\"><\/div>\n\n\n\n<p class=\"has-text-align-left\">RSVP: <strong>admin@gtlawyers.com.br<\/strong><\/p>\n\n\n\n<div style=\"height:22px\" aria-hidden=\"true\" class=\"wp-block-spacer\"><\/div>\n\n\n\n<hr class=\"wp-block-separator aligncenter has-alpha-channel-opacity is-style-wide\"\/>\n\n\n\n<p class=\"has-text-align-left\"><strong>Programme<\/strong><\/p>\n\n\n\n<div style=\"height:15px\" aria-hidden=\"true\" class=\"wp-block-spacer\"><\/div>\n\n\n\n<ul class=\"wp-block-list\">\n<li><strong>16h30: Ouverture Officielle <\/strong><em>&#8211; Ambassadeur Nedilson Jorge, Consul g\u00e9neral du Br\u00e9sil \u00e0 Montr\u00e9al&nbsp;<\/em><\/li>\n<\/ul>\n\n\n\n<ul class=\"wp-block-list\">\n<li><strong><strong>16h35: Se pr\u00e9parer \u00e0 s&#8217;internationaliser, I&#8217;appui d&#8217;Investissement Qu\u00e9bec International &#8211; <\/strong><\/strong><em>V\u00e9ronique Perron, conseill\u00e8re &#8211; Expert Br\u00e9sil&nbsp;<\/em><\/li>\n<\/ul>\n\n\n\n<ul class=\"wp-block-list\">\n<li><strong>16h45:Conf\u00e9rence <\/strong><em>&#8220;<\/em><strong><em>Faire des affaires au Br\u00e9sil: une vision pratique des questions juridiques&#8221; &#8211; <\/em><\/strong><em>Anne-Catherine Brunschwig, associ\u00e9e &#8211; GT Lawyers&nbsp;<\/em><\/li>\n<\/ul>\n\n\n\n<ul class=\"wp-block-list\">\n<li><strong><strong>17h25: Canada Hub au Br\u00e9sil <\/strong><em>&#8211; Paulo de Castro Reis, Directeur &#8211; CCBC&nbsp;<\/em><\/strong><\/li>\n<\/ul>\n\n\n\n<ul class=\"wp-block-list\">\n<li><strong>17h35: Cocktail de r\u00e9seautage &#8211; <\/strong>offert par GT Lawyers<\/li>\n<\/ul>\n\n\n\n<ul class=\"wp-block-list\">\n<li><strong><strong>18h30: Fin de I&#8217;\u00e9v\u00e9nement&nbsp;<\/strong><\/strong><\/li>\n<\/ul>\n\n\n\n<div style=\"height:15px\" aria-hidden=\"true\" class=\"wp-block-spacer\"><\/div>\n\n\n\n<hr class=\"wp-block-separator aligncenter has-alpha-channel-opacity is-style-wide\"\/>\n\n\n\n<div style=\"height:0px\" aria-hidden=\"true\" class=\"wp-block-spacer\"><\/div>\n\n\n\n<div style=\"height:0px\" aria-hidden=\"true\" class=\"wp-block-spacer\"><\/div>\n\n\n\n<p class=\"has-text-align-left\"><strong>Conf\u00e9renci\u00e8re<\/strong><\/p>\n\n\n\n<p><strong>Anne-Catherine Brunschwig&nbsp;<\/strong><\/p>\n\n\n\n<p><a href=\"https:\/\/www.linkedin.com\/in\/abrunschwig\/\">Associ\u00e9e &#8211; GT LAWYERS&nbsp;<\/a><\/p>\n\n\n\n<hr class=\"wp-block-separator aligncenter has-alpha-channel-opacity is-style-wide\"\/>\n\n\n\n<p class=\"has-text-align-left\"><strong>Avec l&#8217;appui de<\/strong><\/p>\n\n\n<div class=\"wp-block-image\">\n<figure class=\"alignleft size-large is-resized\"><img loading=\"lazy\" decoding=\"async\" src=\"https:\/\/www.gtlawyers.com.br\/site\/wp-content\/uploads\/Captura-de-Tela-2022-11-01-a\u0300s-21.22.17-1024x374.png\" alt=\"\" class=\"wp-image-892\" width=\"558\" height=\"204\" srcset=\"https:\/\/www.gtlawyers.com.br\/site\/wp-content\/uploads\/Captura-de-Tela-2022-11-01-a\u0300s-21.22.17-1024x374.png 1024w, https:\/\/www.gtlawyers.com.br\/site\/wp-content\/uploads\/Captura-de-Tela-2022-11-01-a\u0300s-21.22.17-300x110.png 300w, https:\/\/www.gtlawyers.com.br\/site\/wp-content\/uploads\/Captura-de-Tela-2022-11-01-a\u0300s-21.22.17-150x55.png 150w, https:\/\/www.gtlawyers.com.br\/site\/wp-content\/uploads\/Captura-de-Tela-2022-11-01-a\u0300s-21.22.17-768x281.png 768w, https:\/\/www.gtlawyers.com.br\/site\/wp-content\/uploads\/Captura-de-Tela-2022-11-01-a\u0300s-21.22.17-18x7.png 18w, https:\/\/www.gtlawyers.com.br\/site\/wp-content\/uploads\/Captura-de-Tela-2022-11-01-a\u0300s-21.22.17.png 1100w\" sizes=\"auto, (max-width: 558px) 100vw, 558px\" \/><\/figure>\n<\/div>","protected":false},"excerpt":{"rendered":"<p>GT LAWYERS vous invite \u00e0 une conf\u00e9rence le 9 novembre 2022 \u00e0 16:30 Lieu: CCBC Brasil Hub 1010 Sainte-Catherine Ouest, Suite 200 &#8211; Montreal RSVP: admin@gtlawyers.com.br Programme Conf\u00e9renci\u00e8re Anne-Catherine Brunschwig&nbsp; Associ\u00e9e &#8211; GT LAWYERS&nbsp; Avec l&#8217;appui de<\/p>","protected":false},"author":5,"featured_media":0,"comment_status":"open","ping_status":"open","sticky":false,"template":"","format":"standard","meta":{"_acf_changed":false,"footnotes":""},"categories":[7],"tags":[],"class_list":["post-891","post","type-post","status-publish","format-standard","hentry","category-noticia"],"acf":[],"yoast_head":"<!-- This site is optimized with the Yoast SEO plugin v27.5 - https:\/\/yoast.com\/product\/yoast-seo-wordpress\/ -->\n<title>Faire des affaires au Br\u00e9sul: une vision pratique des questions juridiques | GTLawyers | Escrit\u00f3rio boutique full-service<\/title>\n<meta name=\"robots\" content=\"index, follow, max-snippet:-1, max-image-preview:large, max-video-preview:-1\" \/>\n<link rel=\"canonical\" href=\"https:\/\/www.gtlawyers.com.br\/fr\/noticia\/faire-des-affaires-au-bresul-une-vision-pratique-des-questions-juridiques\/\" \/>\n<meta property=\"og:locale\" content=\"fr_FR\" \/>\n<meta property=\"og:type\" content=\"article\" \/>\n<meta property=\"og:title\" content=\"Faire des affaires au Br\u00e9sul: une vision pratique des questions juridiques | GTLawyers | Escrit\u00f3rio boutique full-service\" \/>\n<meta property=\"og:description\" content=\"GT LAWYERS vous invite \u00e0 une conf\u00e9rence le 9 novembre 2022 \u00e0 16:30 Lieu: CCBC Brasil Hub 1010 Sainte-Catherine Ouest, Suite 200 &#8211; Montreal RSVP: admin@gtlawyers.com.br Programme Conf\u00e9renci\u00e8re Anne-Catherine Brunschwig&nbsp; Associ\u00e9e &#8211; GT LAWYERS&nbsp; Avec l&#8217;appui de\" \/>\n<meta property=\"og:url\" content=\"https:\/\/www.gtlawyers.com.br\/fr\/noticia\/faire-des-affaires-au-bresul-une-vision-pratique-des-questions-juridiques\/\" \/>\n<meta property=\"og:site_name\" content=\"GTLawyers | Escrit\u00f3rio boutique full-service\" \/>\n<meta property=\"article:published_time\" content=\"2022-11-02T01:08:15+00:00\" \/>\n<meta property=\"article:modified_time\" content=\"2022-11-03T17:17:56+00:00\" \/>\n<meta name=\"author\" content=\"Felipe Nascimento\" \/>\n<meta name=\"twitter:card\" content=\"summary_large_image\" \/>\n<meta name=\"twitter:label1\" content=\"\u00c9crit par\" \/>\n\t<meta name=\"twitter:data1\" content=\"Felipe Nascimento\" \/>\n\t<meta name=\"twitter:label2\" content=\"Dur\u00e9e de lecture estim\u00e9e\" \/>\n\t<meta name=\"twitter:data2\" content=\"1 minute\" \/>\n<script type=\"application\/ld+json\" class=\"yoast-schema-graph\">{\"@context\":\"https:\\\/\\\/schema.org\",\"@graph\":[{\"@type\":\"Article\",\"@id\":\"https:\\\/\\\/www.gtlawyers.com.br\\\/noticia\\\/faire-des-affaires-au-bresul-une-vision-pratique-des-questions-juridiques\\\/#article\",\"isPartOf\":{\"@id\":\"https:\\\/\\\/www.gtlawyers.com.br\\\/noticia\\\/faire-des-affaires-au-bresul-une-vision-pratique-des-questions-juridiques\\\/\"},\"author\":{\"name\":\"Felipe Nascimento\",\"@id\":\"https:\\\/\\\/www.gtlawyers.com.br\\\/#\\\/schema\\\/person\\\/ddacb191167435332fe1305a7c77274f\"},\"headline\":\"Faire des affaires au Br\u00e9sul: une vision pratique des questions juridiques\",\"datePublished\":\"2022-11-02T01:08:15+00:00\",\"dateModified\":\"2022-11-03T17:17:56+00:00\",\"mainEntityOfPage\":{\"@id\":\"https:\\\/\\\/www.gtlawyers.com.br\\\/noticia\\\/faire-des-affaires-au-bresul-une-vision-pratique-des-questions-juridiques\\\/\"},\"wordCount\":148,\"commentCount\":0,\"publisher\":{\"@id\":\"https:\\\/\\\/www.gtlawyers.com.br\\\/#organization\"},\"articleSection\":[\"News\"],\"inLanguage\":\"fr-FR\",\"potentialAction\":[{\"@type\":\"CommentAction\",\"name\":\"Comment\",\"target\":[\"https:\\\/\\\/www.gtlawyers.com.br\\\/noticia\\\/faire-des-affaires-au-bresul-une-vision-pratique-des-questions-juridiques\\\/#respond\"]}]},{\"@type\":\"WebPage\",\"@id\":\"https:\\\/\\\/www.gtlawyers.com.br\\\/noticia\\\/faire-des-affaires-au-bresul-une-vision-pratique-des-questions-juridiques\\\/\",\"url\":\"https:\\\/\\\/www.gtlawyers.com.br\\\/noticia\\\/faire-des-affaires-au-bresul-une-vision-pratique-des-questions-juridiques\\\/\",\"name\":\"Faire des affaires au Br\u00e9sul: une vision pratique des questions juridiques | GTLawyers | Escrit\u00f3rio boutique full-service\",\"isPartOf\":{\"@id\":\"https:\\\/\\\/www.gtlawyers.com.br\\\/#website\"},\"datePublished\":\"2022-11-02T01:08:15+00:00\",\"dateModified\":\"2022-11-03T17:17:56+00:00\",\"breadcrumb\":{\"@id\":\"https:\\\/\\\/www.gtlawyers.com.br\\\/noticia\\\/faire-des-affaires-au-bresul-une-vision-pratique-des-questions-juridiques\\\/#breadcrumb\"},\"inLanguage\":\"fr-FR\",\"potentialAction\":[{\"@type\":\"ReadAction\",\"target\":[\"https:\\\/\\\/www.gtlawyers.com.br\\\/noticia\\\/faire-des-affaires-au-bresul-une-vision-pratique-des-questions-juridiques\\\/\"]}]},{\"@type\":\"BreadcrumbList\",\"@id\":\"https:\\\/\\\/www.gtlawyers.com.br\\\/noticia\\\/faire-des-affaires-au-bresul-une-vision-pratique-des-questions-juridiques\\\/#breadcrumb\",\"itemListElement\":[{\"@type\":\"ListItem\",\"position\":1,\"name\":\"In\u00edcio\",\"item\":\"https:\\\/\\\/www.gtlawyers.com.br\\\/\"},{\"@type\":\"ListItem\",\"position\":2,\"name\":\"Faire des affaires au Br\u00e9sul: une vision pratique des questions juridiques\"}]},{\"@type\":\"WebSite\",\"@id\":\"https:\\\/\\\/www.gtlawyers.com.br\\\/#website\",\"url\":\"https:\\\/\\\/www.gtlawyers.com.br\\\/\",\"name\":\"GTLawyers | Escrit\u00f3rio boutique full-service\",\"description\":\"Escrit\u00f3rio de advocacia franco-brasileiro para empresas especializado em M&amp;A, direito societ\u00e1rio, tribut\u00e1rio, imobili\u00e1rio, contencioso e compliance\",\"publisher\":{\"@id\":\"https:\\\/\\\/www.gtlawyers.com.br\\\/#organization\"},\"alternateName\":\"GTLawyers\",\"potentialAction\":[{\"@type\":\"SearchAction\",\"target\":{\"@type\":\"EntryPoint\",\"urlTemplate\":\"https:\\\/\\\/www.gtlawyers.com.br\\\/?s={search_term_string}\"},\"query-input\":{\"@type\":\"PropertyValueSpecification\",\"valueRequired\":true,\"valueName\":\"search_term_string\"}}],\"inLanguage\":\"fr-FR\"},{\"@type\":\"Organization\",\"@id\":\"https:\\\/\\\/www.gtlawyers.com.br\\\/#organization\",\"name\":\"GTLawyers - Escrit\u00f3rio boutique full-service\",\"url\":\"https:\\\/\\\/www.gtlawyers.com.br\\\/\",\"logo\":{\"@type\":\"ImageObject\",\"inLanguage\":\"fr-FR\",\"@id\":\"https:\\\/\\\/www.gtlawyers.com.br\\\/#\\\/schema\\\/logo\\\/image\\\/\",\"url\":\"https:\\\/\\\/www.gtlawyers.com.br\\\/site\\\/wp-content\\\/uploads\\\/image-3.png\",\"contentUrl\":\"https:\\\/\\\/www.gtlawyers.com.br\\\/site\\\/wp-content\\\/uploads\\\/image-3.png\",\"width\":166,\"height\":44,\"caption\":\"GTLawyers - Escrit\u00f3rio boutique full-service\"},\"image\":{\"@id\":\"https:\\\/\\\/www.gtlawyers.com.br\\\/#\\\/schema\\\/logo\\\/image\\\/\"},\"sameAs\":[\"https:\\\/\\\/www.linkedin.com\\\/company\\\/gtlawyers\\\/mycompany\\\/\"]},{\"@type\":\"Person\",\"@id\":\"https:\\\/\\\/www.gtlawyers.com.br\\\/#\\\/schema\\\/person\\\/ddacb191167435332fe1305a7c77274f\",\"name\":\"Felipe Nascimento\",\"image\":{\"@type\":\"ImageObject\",\"inLanguage\":\"fr-FR\",\"@id\":\"https:\\\/\\\/secure.gravatar.com\\\/avatar\\\/99b2fc11283f57cb70c409ae58fd3f3e83dfe5f33ff50bf649361b2d7e2240e0?s=96&d=mm&r=g\",\"url\":\"https:\\\/\\\/secure.gravatar.com\\\/avatar\\\/99b2fc11283f57cb70c409ae58fd3f3e83dfe5f33ff50bf649361b2d7e2240e0?s=96&d=mm&r=g\",\"contentUrl\":\"https:\\\/\\\/secure.gravatar.com\\\/avatar\\\/99b2fc11283f57cb70c409ae58fd3f3e83dfe5f33ff50bf649361b2d7e2240e0?s=96&d=mm&r=g\",\"caption\":\"Felipe Nascimento\"},\"url\":\"https:\\\/\\\/www.gtlawyers.com.br\\\/fr\\\/author\\\/felipe\\\/\"}]}<\/script>\n<!-- \/ Yoast SEO plugin. -->","yoast_head_json":{"title":"Faire des affaires au Br\u00e9sul: une vision pratique des questions juridiques | GTLawyers | Escrit\u00f3rio boutique full-service","robots":{"index":"index","follow":"follow","max-snippet":"max-snippet:-1","max-image-preview":"max-image-preview:large","max-video-preview":"max-video-preview:-1"},"canonical":"https:\/\/www.gtlawyers.com.br\/fr\/noticia\/faire-des-affaires-au-bresul-une-vision-pratique-des-questions-juridiques\/","og_locale":"fr_FR","og_type":"article","og_title":"Faire des affaires au Br\u00e9sul: une vision pratique des questions juridiques | GTLawyers | Escrit\u00f3rio boutique full-service","og_description":"GT LAWYERS vous invite \u00e0 une conf\u00e9rence le 9 novembre 2022 \u00e0 16:30 Lieu: CCBC Brasil Hub 1010 Sainte-Catherine Ouest, Suite 200 &#8211; Montreal RSVP: admin@gtlawyers.com.br Programme Conf\u00e9renci\u00e8re Anne-Catherine Brunschwig&nbsp; Associ\u00e9e &#8211; GT LAWYERS&nbsp; Avec l&#8217;appui de","og_url":"https:\/\/www.gtlawyers.com.br\/fr\/noticia\/faire-des-affaires-au-bresul-une-vision-pratique-des-questions-juridiques\/","og_site_name":"GTLawyers | Escrit\u00f3rio boutique full-service","article_published_time":"2022-11-02T01:08:15+00:00","article_modified_time":"2022-11-03T17:17:56+00:00","author":"Felipe Nascimento","twitter_card":"summary_large_image","twitter_misc":{"\u00c9crit par":"Felipe Nascimento","Dur\u00e9e de lecture estim\u00e9e":"1 minute"},"schema":{"@context":"https:\/\/schema.org","@graph":[{"@type":"Article","@id":"https:\/\/www.gtlawyers.com.br\/noticia\/faire-des-affaires-au-bresul-une-vision-pratique-des-questions-juridiques\/#article","isPartOf":{"@id":"https:\/\/www.gtlawyers.com.br\/noticia\/faire-des-affaires-au-bresul-une-vision-pratique-des-questions-juridiques\/"},"author":{"name":"Felipe Nascimento","@id":"https:\/\/www.gtlawyers.com.br\/#\/schema\/person\/ddacb191167435332fe1305a7c77274f"},"headline":"Faire des affaires au Br\u00e9sul: une vision pratique des questions juridiques","datePublished":"2022-11-02T01:08:15+00:00","dateModified":"2022-11-03T17:17:56+00:00","mainEntityOfPage":{"@id":"https:\/\/www.gtlawyers.com.br\/noticia\/faire-des-affaires-au-bresul-une-vision-pratique-des-questions-juridiques\/"},"wordCount":148,"commentCount":0,"publisher":{"@id":"https:\/\/www.gtlawyers.com.br\/#organization"},"articleSection":["News"],"inLanguage":"fr-FR","potentialAction":[{"@type":"CommentAction","name":"Comment","target":["https:\/\/www.gtlawyers.com.br\/noticia\/faire-des-affaires-au-bresul-une-vision-pratique-des-questions-juridiques\/#respond"]}]},{"@type":"WebPage","@id":"https:\/\/www.gtlawyers.com.br\/noticia\/faire-des-affaires-au-bresul-une-vision-pratique-des-questions-juridiques\/","url":"https:\/\/www.gtlawyers.com.br\/noticia\/faire-des-affaires-au-bresul-une-vision-pratique-des-questions-juridiques\/","name":"Faire des affaires au Br\u00e9sul: une vision pratique des questions juridiques | GTLawyers | Escrit\u00f3rio boutique full-service","isPartOf":{"@id":"https:\/\/www.gtlawyers.com.br\/#website"},"datePublished":"2022-11-02T01:08:15+00:00","dateModified":"2022-11-03T17:17:56+00:00","breadcrumb":{"@id":"https:\/\/www.gtlawyers.com.br\/noticia\/faire-des-affaires-au-bresul-une-vision-pratique-des-questions-juridiques\/#breadcrumb"},"inLanguage":"fr-FR","potentialAction":[{"@type":"ReadAction","target":["https:\/\/www.gtlawyers.com.br\/noticia\/faire-des-affaires-au-bresul-une-vision-pratique-des-questions-juridiques\/"]}]},{"@type":"BreadcrumbList","@id":"https:\/\/www.gtlawyers.com.br\/noticia\/faire-des-affaires-au-bresul-une-vision-pratique-des-questions-juridiques\/#breadcrumb","itemListElement":[{"@type":"ListItem","position":1,"name":"In\u00edcio","item":"https:\/\/www.gtlawyers.com.br\/"},{"@type":"ListItem","position":2,"name":"Faire des affaires au Br\u00e9sul: une vision pratique des questions juridiques"}]},{"@type":"WebSite","@id":"https:\/\/www.gtlawyers.com.br\/#website","url":"https:\/\/www.gtlawyers.com.br\/","name":"GTLawyers | Escrit\u00f3rio boutique full-service","description":"Escrit\u00f3rio de advocacia franco-brasileiro para empresas especializado em M&amp;A, direito societ\u00e1rio, tribut\u00e1rio, imobili\u00e1rio, contencioso e compliance","publisher":{"@id":"https:\/\/www.gtlawyers.com.br\/#organization"},"alternateName":"GTLawyers","potentialAction":[{"@type":"SearchAction","target":{"@type":"EntryPoint","urlTemplate":"https:\/\/www.gtlawyers.com.br\/?s={search_term_string}"},"query-input":{"@type":"PropertyValueSpecification","valueRequired":true,"valueName":"search_term_string"}}],"inLanguage":"fr-FR"},{"@type":"Organization","@id":"https:\/\/www.gtlawyers.com.br\/#organization","name":"GTLawyers - Escrit\u00f3rio boutique full-service","url":"https:\/\/www.gtlawyers.com.br\/","logo":{"@type":"ImageObject","inLanguage":"fr-FR","@id":"https:\/\/www.gtlawyers.com.br\/#\/schema\/logo\/image\/","url":"https:\/\/www.gtlawyers.com.br\/site\/wp-content\/uploads\/image-3.png","contentUrl":"https:\/\/www.gtlawyers.com.br\/site\/wp-content\/uploads\/image-3.png","width":166,"height":44,"caption":"GTLawyers - Escrit\u00f3rio boutique full-service"},"image":{"@id":"https:\/\/www.gtlawyers.com.br\/#\/schema\/logo\/image\/"},"sameAs":["https:\/\/www.linkedin.com\/company\/gtlawyers\/mycompany\/"]},{"@type":"Person","@id":"https:\/\/www.gtlawyers.com.br\/#\/schema\/person\/ddacb191167435332fe1305a7c77274f","name":"Felipe Nascimento","image":{"@type":"ImageObject","inLanguage":"fr-FR","@id":"https:\/\/secure.gravatar.com\/avatar\/99b2fc11283f57cb70c409ae58fd3f3e83dfe5f33ff50bf649361b2d7e2240e0?s=96&d=mm&r=g","url":"https:\/\/secure.gravatar.com\/avatar\/99b2fc11283f57cb70c409ae58fd3f3e83dfe5f33ff50bf649361b2d7e2240e0?s=96&d=mm&r=g","contentUrl":"https:\/\/secure.gravatar.com\/avatar\/99b2fc11283f57cb70c409ae58fd3f3e83dfe5f33ff50bf649361b2d7e2240e0?s=96&d=mm&r=g","caption":"Felipe Nascimento"},"url":"https:\/\/www.gtlawyers.com.br\/fr\/author\/felipe\/"}]}},"_links":{"self":[{"href":"https:\/\/www.gtlawyers.com.br\/fr\/wp-json\/wp\/v2\/posts\/891","targetHints":{"allow":["GET"]}}],"collection":[{"href":"https:\/\/www.gtlawyers.com.br\/fr\/wp-json\/wp\/v2\/posts"}],"about":[{"href":"https:\/\/www.gtlawyers.com.br\/fr\/wp-json\/wp\/v2\/types\/post"}],"author":[{"embeddable":true,"href":"https:\/\/www.gtlawyers.com.br\/fr\/wp-json\/wp\/v2\/users\/5"}],"replies":[{"embeddable":true,"href":"https:\/\/www.gtlawyers.com.br\/fr\/wp-json\/wp\/v2\/comments?post=891"}],"version-history":[{"count":12,"href":"https:\/\/www.gtlawyers.com.br\/fr\/wp-json\/wp\/v2\/posts\/891\/revisions"}],"predecessor-version":[{"id":904,"href":"https:\/\/www.gtlawyers.com.br\/fr\/wp-json\/wp\/v2\/posts\/891\/revisions\/904"}],"wp:attachment":[{"href":"https:\/\/www.gtlawyers.com.br\/fr\/wp-json\/wp\/v2\/media?parent=891"}],"wp:term":[{"taxonomy":"category","embeddable":true,"href":"https:\/\/www.gtlawyers.com.br\/fr\/wp-json\/wp\/v2\/categories?post=891"},{"taxonomy":"post_tag","embeddable":true,"href":"https:\/\/www.gtlawyers.com.br\/fr\/wp-json\/wp\/v2\/tags?post=891"}],"curies":[{"name":"wp","href":"https:\/\/api.w.org\/{rel}","templated":true}]}}